{"id":921,"date":"2024-08-01T17:00:58","date_gmt":"2024-08-01T15:00:58","guid":{"rendered":"http:\/\/www.falkenauer-ev.de\/?p=921"},"modified":"2024-08-14T14:55:06","modified_gmt":"2024-08-14T12:55:06","slug":"denkmal-fuer-ernst-mosch-in-zwodau","status":"publish","type":"post","link":"http:\/\/www.falkenauer-ev.de\/?p=921","title":{"rendered":"Denkmal f\u00fcr Ernst Mosch in Zwodau"},"content":{"rendered":"\n<p>Unser unvergessener Ernst Mosch kam 1925 in Zwodau zur Welt.<br \/>Sp\u00e4ter \u00fcbersiedelte er mit seinen Eltern in ein Eigenheim nach Falkenau im Hartweg. Die junge B\u00fcrgermeisterin hat beim Magistrat von Zwodau  durchgesetzt, da\u00df f\u00fcr diesen ber\u00fchmtesten Sohn ein angemessenes Denkmal vor dem Zwodauer Rathaus errichtet wird. Der Sockel steht bereits, dieser  wurde von der Gemeinde Zwodau gestiftet. Im Falkenauer Heimatbrief haben wir dar\u00fcber ausf\u00fchrlich berichtet. F\u00fcr die Gedenktafel bitten wir noch um Spenden auf folgendes Konto:<br \/><br \/>IBAN CZ25 0100 0001 3118 6783 0247<br \/>BIC    KOMBCZPP<br \/><br \/>Den unteren Rand dieser Gedenktafel werden die Noten des ersten Verses des ber\u00fchmten St\u00fcckes von Ernst Mosch &#8222;Wir sind Kinder von der Eger&#8220; abschliessen.<br \/><\/p>\n\n\n\n<p><\/p>\n\n\n\n<figure class=\"wp-block-image size-full\"><a href=\"http:\/\/www.falkenauer-ev.de\/wp-content\/uploads\/2024\/08\/IMG-20230912-WA0002.jpg\"><img loading=\"lazy\" decoding=\"async\" width=\"768\" height=\"1024\" src=\"http:\/\/www.falkenauer-ev.de\/wp-content\/uploads\/2024\/08\/IMG-20230912-WA0002.jpg\" alt=\"\" class=\"wp-image-928\" srcset=\"http:\/\/www.falkenauer-ev.de\/wp-content\/uploads\/2024\/08\/IMG-20230912-WA0002.jpg 768w, http:\/\/www.falkenauer-ev.de\/wp-content\/uploads\/2024\/08\/IMG-20230912-WA0002-225x300.jpg 225w\" sizes=\"auto, (max-width: 768px) 100vw, 768px\" \/><\/a><figcaption class=\"wp-element-caption\">Symbolische Einweihung mit Sekt durch J.Haranza rechts. Links die junge Zwodauer B\u00fcrgermeisterin mit Mann.<\/figcaption><\/figure>\n\n\n\n<figure class=\"wp-block-image size-large\"><a href=\"http:\/\/www.falkenauer-ev.de\/wp-content\/uploads\/2024\/08\/IMG-20230912-WA0004.jpg\"><img loading=\"lazy\" decoding=\"async\" width=\"768\" height=\"1024\" src=\"http:\/\/www.falkenauer-ev.de\/wp-content\/uploads\/2024\/08\/IMG-20230912-WA0004-768x1024.jpg\" alt=\"\" class=\"wp-image-929\" srcset=\"http:\/\/www.falkenauer-ev.de\/wp-content\/uploads\/2024\/08\/IMG-20230912-WA0004-768x1024.jpg 768w, http:\/\/www.falkenauer-ev.de\/wp-content\/uploads\/2024\/08\/IMG-20230912-WA0004-225x300.jpg 225w, http:\/\/www.falkenauer-ev.de\/wp-content\/uploads\/2024\/08\/IMG-20230912-WA0004-1152x1536.jpg 1152w, http:\/\/www.falkenauer-ev.de\/wp-content\/uploads\/2024\/08\/IMG-20230912-WA0004.jpg 1536w\" sizes=\"auto, (max-width: 768px) 100vw, 768px\" \/><\/a><figcaption class=\"wp-element-caption\">Der Gedenkstein f\u00fcr Ernst Mosch wird gesetzt!<\/figcaption><\/figure>\n\n\n\n<p><\/p>\n","protected":false},"excerpt":{"rendered":"<p>Unser unvergessener Ernst Mosch kam 1925 in Zwodau zur Welt.Sp\u00e4ter \u00fcbersiedelte er mit seinen Eltern in ein Eigenheim nach Falkenau im Hartweg. Die junge B\u00fcrgermeisterin hat beim Magistrat von Zwodau durchgesetzt, da\u00df f\u00fcr diesen ber\u00fchmtesten Sohn ein angemessenes Denkmal vor &hellip; <a href=\"http:\/\/www.falkenauer-ev.de\/?p=921\">Weiterlesen <span class=\"meta-nav\">&rarr;<\/span><\/a><\/p>\n","protected":false},"author":1,"featured_media":0,"comment_status":"open","ping_status":"closed","sticky":false,"template":"","format":"standard","meta":{"footnotes":""},"categories":[1],"tags":[],"class_list":["post-921","post","type-post","status-publish","format-standard","hentry","category-allgemein"],"_links":{"self":[{"href":"http:\/\/www.falkenauer-ev.de\/index.php?rest_route=\/wp\/v2\/posts\/921","targetHints":{"allow":["GET"]}}],"collection":[{"href":"http:\/\/www.falkenauer-ev.de\/index.php?rest_route=\/wp\/v2\/posts"}],"about":[{"href":"http:\/\/www.falkenauer-ev.de\/index.php?rest_route=\/wp\/v2\/types\/post"}],"author":[{"embeddable":true,"href":"http:\/\/www.falkenauer-ev.de\/index.php?rest_route=\/wp\/v2\/users\/1"}],"replies":[{"embeddable":true,"href":"http:\/\/www.falkenauer-ev.de\/index.php?rest_route=%2Fwp%2Fv2%2Fcomments&post=921"}],"version-history":[{"count":4,"href":"http:\/\/www.falkenauer-ev.de\/index.php?rest_route=\/wp\/v2\/posts\/921\/revisions"}],"predecessor-version":[{"id":930,"href":"http:\/\/www.falkenauer-ev.de\/index.php?rest_route=\/wp\/v2\/posts\/921\/revisions\/930"}],"wp:attachment":[{"href":"http:\/\/www.falkenauer-ev.de\/index.php?rest_route=%2Fwp%2Fv2%2Fmedia&parent=921"}],"wp:term":[{"taxonomy":"category","embeddable":true,"href":"http:\/\/www.falkenauer-ev.de\/index.php?rest_route=%2Fwp%2Fv2%2Fcategories&post=921"},{"taxonomy":"post_tag","embeddable":true,"href":"http:\/\/www.falkenauer-ev.de\/index.php?rest_route=%2Fwp%2Fv2%2Ftags&post=921"}],"curies":[{"name":"wp","href":"https:\/\/api.w.org\/{rel}","templated":true}]}}